{"id":5842,"date":"2022-11-10T11:48:04","date_gmt":"2022-11-10T10:48:04","guid":{"rendered":"https:\/\/boisdebout53.org\/?p=5842"},"modified":"2022-11-10T11:48:04","modified_gmt":"2022-11-10T10:48:04","slug":"le-mois-de-leconomie-sociale-et-solidaire","status":"publish","type":"post","link":"https:\/\/boisdebout53.org\/index.php\/2022\/11\/10\/le-mois-de-leconomie-sociale-et-solidaire\/","title":{"rendered":"Le Mois de l&#8217;\u00e9conomie Sociale et Solidaire"},"content":{"rendered":"\n<figure class=\"wp-block-image size-large is-style-default\"><img loading=\"lazy\" decoding=\"async\" width=\"724\" height=\"1024\" src=\"https:\/\/boisdebout53.org\/wp-content\/uploads\/2022\/11\/Affiche-A3_journee-ESS-OK-vect-1-724x1024.jpg\" alt=\"\" class=\"wp-image-5845\" srcset=\"https:\/\/boisdebout53.org\/wp-content\/uploads\/2022\/11\/Affiche-A3_journee-ESS-OK-vect-1-724x1024.jpg 724w, https:\/\/boisdebout53.org\/wp-content\/uploads\/2022\/11\/Affiche-A3_journee-ESS-OK-vect-1-212x300.jpg 212w, https:\/\/boisdebout53.org\/wp-content\/uploads\/2022\/11\/Affiche-A3_journee-ESS-OK-vect-1-768x1086.jpg 768w, https:\/\/boisdebout53.org\/wp-content\/uploads\/2022\/11\/Affiche-A3_journee-ESS-OK-vect-1-600x848.jpg 600w, https:\/\/boisdebout53.org\/wp-content\/uploads\/2022\/11\/Affiche-A3_journee-ESS-OK-vect-1.jpg 849w\" sizes=\"(max-width: 724px) 100vw, 724px\" \/><\/figure>\n\n\n\n<p>Cette ann\u00e9e, pour le Mois de l&#8217;ESS en novembre, l&#8217;APESS vous fait voyager !<\/p>\n\n\n\n<p>Embarquez avec nous dans un grand voyage&nbsp;au c\u0153ur du r\u00e9seau ESS mayennais afin de d\u00e9montrer les richesses qu&#8217;il apporte \u00e0 notre soci\u00e9t\u00e9 en transition.<\/p>\n\n\n\n<p>? Rendez-vous&nbsp;<strong>  Mardi 15 novembre de 10h \u00e0 18h30 \u00e0 la salle polyvalente de Laval<\/strong><\/p>\n\n\n\n<p><strong>\u00c9v\u00e9nement gratuit et ouvert \u00e0 tous<\/strong><\/p>\n\n\n\n<p>LES INSCRIPTIONS SONT OUVERTES :\u00a0<br>Table-ronde, rendez-vous d&#8217;affaires, ateliers et animations&#8230; D\u00e9couvrez le programme !<\/p>\n\n\n\n<figure class=\"wp-block-image size-full\"><a href=\"https:\/\/www.apess53.org\/mois-ess.html\" target=\"_blank\" rel=\"noopener\"><img loading=\"lazy\" decoding=\"async\" width=\"325\" height=\"120\" src=\"https:\/\/boisdebout53.org\/wp-content\/uploads\/2022\/11\/telechargement.jpg\" alt=\"\" class=\"wp-image-5844\" srcset=\"https:\/\/boisdebout53.org\/wp-content\/uploads\/2022\/11\/telechargement.jpg 325w, https:\/\/boisdebout53.org\/wp-content\/uploads\/2022\/11\/telechargement-300x111.jpg 300w\" sizes=\"(max-width: 325px) 100vw, 325px\" \/><\/a><\/figure>\n","protected":false},"excerpt":{"rendered":"<p>Cette ann\u00e9e, pour le Mois de l&#8217;ESS en novembre, l&#8217;APESS vous fait voyager ! Embarquez avec nous dans un grand voyage&nbsp;au c\u0153ur du r\u00e9seau ESS mayennais afin de d\u00e9montrer les richesses qu&#8217;il apporte \u00e0 notre soci\u00e9t\u00e9 en transition. ? Rendez-vous&nbsp;Mardi 15 novembre de 10h \u00e0 18h30 \u00e0 la salle polyvalente de Laval \u00c9v\u00e9nement gratuit et&hellip;&nbsp;<a href=\"https:\/\/boisdebout53.org\/index.php\/2022\/11\/10\/le-mois-de-leconomie-sociale-et-solidaire\/\" class=\"\" rel=\"bookmark\">Lire la suite &raquo;<span class=\"screen-reader-text\">Le Mois de l&#8217;\u00e9conomie Sociale et Solidaire<\/span><\/a><\/p>\n","protected":false},"author":5,"featured_media":5843,"comment_status":"closed","ping_status":"closed","sticky":false,"template":"","format":"standard","meta":{"neve_meta_sidebar":"","neve_meta_container":"","neve_meta_enable_content_width":"","neve_meta_content_width":0,"neve_meta_title_alignment":"","neve_meta_author_avatar":"","neve_post_elements_order":"","neve_meta_disable_header":"","neve_meta_disable_footer":"","neve_meta_disable_title":"","_themeisle_gutenberg_block_has_review":false,"footnotes":""},"categories":[1],"tags":[],"class_list":["post-5842","post","type-post","status-publish","format-standard","has-post-thumbnail","hentry","category-non-classe"],"_links":{"self":[{"href":"https:\/\/boisdebout53.org\/index.php\/wp-json\/wp\/v2\/posts\/5842"}],"collection":[{"href":"https:\/\/boisdebout53.org\/index.php\/wp-json\/wp\/v2\/posts"}],"about":[{"href":"https:\/\/boisdebout53.org\/index.php\/wp-json\/wp\/v2\/types\/post"}],"author":[{"embeddable":true,"href":"https:\/\/boisdebout53.org\/index.php\/wp-json\/wp\/v2\/users\/5"}],"replies":[{"embeddable":true,"href":"https:\/\/boisdebout53.org\/index.php\/wp-json\/wp\/v2\/comments?post=5842"}],"version-history":[{"count":0,"href":"https:\/\/boisdebout53.org\/index.php\/wp-json\/wp\/v2\/posts\/5842\/revisions"}],"wp:featuredmedia":[{"embeddable":true,"href":"https:\/\/boisdebout53.org\/index.php\/wp-json\/wp\/v2\/media\/5843"}],"wp:attachment":[{"href":"https:\/\/boisdebout53.org\/index.php\/wp-json\/wp\/v2\/media?parent=5842"}],"wp:term":[{"taxonomy":"category","embeddable":true,"href":"https:\/\/boisdebout53.org\/index.php\/wp-json\/wp\/v2\/categories?post=5842"},{"taxonomy":"post_tag","embeddable":true,"href":"https:\/\/boisdebout53.org\/index.php\/wp-json\/wp\/v2\/tags?post=5842"}],"curies":[{"name":"wp","href":"https:\/\/api.w.org\/{rel}","templated":true}]}}